{"id":807,"date":"2025-11-13T19:07:03","date_gmt":"2025-11-13T19:07:03","guid":{"rendered":"https:\/\/rudolf-schoen-weg.at\/wordpress\/?p=807"},"modified":"2025-11-13T19:39:40","modified_gmt":"2025-11-13T19:39:40","slug":"3b-gewinnt-e-2000-am-tag-der-lehre","status":"publish","type":"post","link":"https:\/\/www.rudolf-schoen-weg.at\/index.php\/2025\/11\/13\/3b-gewinnt-e-2000-am-tag-der-lehre\/","title":{"rendered":"3B gewinnt \u20ac 2000,- am Tag der Lehre!"},"content":{"rendered":"\n<figure class=\"wp-block-image alignwide size-large\"><img loading=\"lazy\" decoding=\"async\" width=\"1024\" height=\"768\" src=\"https:\/\/rudolf-schoen-weg.at\/\/wp-content\/uploads\/2025\/11\/WhatsApp-Bild-2025-11-13-um-19.52.01_559418d6-1024x768.jpg\" alt=\"\" class=\"wp-image-808\" srcset=\"https:\/\/www.rudolf-schoen-weg.at\/wp-content\/uploads\/2025\/11\/WhatsApp-Bild-2025-11-13-um-19.52.01_559418d6-1024x768.jpg 1024w, https:\/\/www.rudolf-schoen-weg.at\/wp-content\/uploads\/2025\/11\/WhatsApp-Bild-2025-11-13-um-19.52.01_559418d6-300x225.jpg 300w, https:\/\/www.rudolf-schoen-weg.at\/wp-content\/uploads\/2025\/11\/WhatsApp-Bild-2025-11-13-um-19.52.01_559418d6-768x576.jpg 768w, https:\/\/www.rudolf-schoen-weg.at\/wp-content\/uploads\/2025\/11\/WhatsApp-Bild-2025-11-13-um-19.52.01_559418d6-1536x1151.jpg 1536w, https:\/\/www.rudolf-schoen-weg.at\/wp-content\/uploads\/2025\/11\/WhatsApp-Bild-2025-11-13-um-19.52.01_559418d6.jpg 1857w\" sizes=\"auto, (max-width: 1024px) 100vw, 1024px\" \/><\/figure>\n\n\n\n<div class=\"wp-block-columns alignwide is-layout-flex wp-container-core-columns-is-layout-28f84493 wp-block-columns-is-layout-flex\">\n<div class=\"wp-block-column is-layout-flow wp-block-column-is-layout-flow\">\n<p style=\"font-size:clamp(16.293px, 1.018rem + ((1vw - 3.2px) * 0.907), 25px);\">Heuer fand im Rahmen der Lehrberufsmesse zum dritten Mal die <strong>Tag der Lehre Competition<\/strong> statt. Insgesamt nahmen <strong>6.390 Jugendliche<\/strong> teil, sahen \u00fcber <strong>19.000 Videos<\/strong> und beantworteten mehr als <strong>23.000 Fragen<\/strong> zu den Ausstellern.<\/p>\n\n\n\n<p style=\"font-size:clamp(16.834px, 1.052rem + ((1vw - 3.2px) * 0.955), 26px);\">Den Sieg holte sich <strong>unsere 3B<\/strong> mit ihrem <strong>Klassenvorstand Herrn Steyrer<\/strong>, der die Klasse tatkr\u00e4ftig unterst\u00fctzte. \ud83c\udf89<br>Bei der starken Konkurrenz aus ganz Wien kam sogar die Veranstalterin pers\u00f6nlich, um den Gewinn zu \u00fcberreichen \u2013 eine gro\u00dfartige Anerkennung f\u00fcr das Engagement unserer Sch\u00fclerinnen und Sch\u00fcler!<\/p>\n<\/div>\n<\/div>\n\n\n\n<ul class=\"wp-block-social-links is-layout-flex wp-block-social-links-is-layout-flex\"><\/ul>\n\n\n\n<p style=\"font-size:clamp(16.834px, 1.052rem + ((1vw - 3.2px) * 0.955), 26px);\"><a href=\"https:\/\/www.tag-der-lehre.at\/de\/gewinnergruppe_der_tdlcompetition,3776,34031.html\">https:\/\/www.tag-der-lehre.at\/de\/gewinnergruppe_der_tdlcompetition,3776,34031.html<\/a><\/p>\n\n\n\n<p><\/p>\n","protected":false},"excerpt":{"rendered":"<p>Heuer fand im Rahmen der Lehrberufsmesse zum dritten Mal die Tag der Lehre Competition statt. Insgesamt nahmen 6.390 Jugendliche teil, sahen \u00fcber 19.000 Videos und beantworteten mehr als 23.000 Fragen [&hellip;]<\/p>\n","protected":false},"author":2,"featured_media":808,"comment_status":"closed","ping_status":"open","sticky":false,"template":"","format":"standard","meta":{"_EventAllDay":false,"_EventTimezone":"","_EventStartDate":"","_EventEndDate":"","_EventStartDateUTC":"","_EventEndDateUTC":"","_EventShowMap":false,"_EventShowMapLink":false,"_EventURL":"","_EventCost":"","_EventCostDescription":"","_EventCurrencySymbol":"","_EventCurrencyCode":"","_EventCurrencyPosition":"","_EventDateTimeSeparator":"","_EventTimeRangeSeparator":"","_EventOrganizerID":[],"_EventVenueID":[],"_OrganizerEmail":"","_OrganizerPhone":"","_OrganizerWebsite":"","_VenueAddress":"","_VenueCity":"","_VenueCountry":"","_VenueProvince":"","_VenueState":"","_VenueZip":"","_VenuePhone":"","_VenueURL":"","_VenueStateProvince":"","_VenueLat":"","_VenueLng":"","_VenueShowMap":false,"_VenueShowMapLink":false,"footnotes":""},"categories":[1],"tags":[],"class_list":["post-807","post","type-post","status-publish","format-standard","has-post-thumbnail","hentry","category-uncategorized"],"_links":{"self":[{"href":"https:\/\/www.rudolf-schoen-weg.at\/index.php\/wp-json\/wp\/v2\/posts\/807","targetHints":{"allow":["GET"]}}],"collection":[{"href":"https:\/\/www.rudolf-schoen-weg.at\/index.php\/wp-json\/wp\/v2\/posts"}],"about":[{"href":"https:\/\/www.rudolf-schoen-weg.at\/index.php\/wp-json\/wp\/v2\/types\/post"}],"author":[{"embeddable":true,"href":"https:\/\/www.rudolf-schoen-weg.at\/index.php\/wp-json\/wp\/v2\/users\/2"}],"replies":[{"embeddable":true,"href":"https:\/\/www.rudolf-schoen-weg.at\/index.php\/wp-json\/wp\/v2\/comments?post=807"}],"version-history":[{"count":4,"href":"https:\/\/www.rudolf-schoen-weg.at\/index.php\/wp-json\/wp\/v2\/posts\/807\/revisions"}],"predecessor-version":[{"id":827,"href":"https:\/\/www.rudolf-schoen-weg.at\/index.php\/wp-json\/wp\/v2\/posts\/807\/revisions\/827"}],"wp:featuredmedia":[{"embeddable":true,"href":"https:\/\/www.rudolf-schoen-weg.at\/index.php\/wp-json\/wp\/v2\/media\/808"}],"wp:attachment":[{"href":"https:\/\/www.rudolf-schoen-weg.at\/index.php\/wp-json\/wp\/v2\/media?parent=807"}],"wp:term":[{"taxonomy":"category","embeddable":true,"href":"https:\/\/www.rudolf-schoen-weg.at\/index.php\/wp-json\/wp\/v2\/categories?post=807"},{"taxonomy":"post_tag","embeddable":true,"href":"https:\/\/www.rudolf-schoen-weg.at\/index.php\/wp-json\/wp\/v2\/tags?post=807"}],"curies":[{"name":"wp","href":"https:\/\/api.w.org\/{rel}","templated":true}]}}